{"id":5473,"date":"2020-03-31T11:17:14","date_gmt":"2020-03-31T10:17:14","guid":{"rendered":"http:\/\/localhost\/delaviudacg2\/delaviuda-confectionery-group-dona-7-630-barritas-de-la-marca-el-almendro-al-hospital-de-campana-habilitado-en-ifema\/"},"modified":"2020-06-17T12:53:38","modified_gmt":"2020-06-17T11:53:38","slug":"delaviuda-confectionery-group-dona-7-630-barritas-de-la-marca-el-almendro-al-hospital-de-campana-habilitado-en-ifema","status":"publish","type":"post","link":"https:\/\/www.delaviudacg.com\/fr\/delaviuda-confectionery-group-dona-7-630-barritas-de-la-marca-el-almendro-al-hospital-de-campana-habilitado-en-ifema\/","title":{"rendered":"Delaviuda Confectionery Group fait don de 7 630 barres El Almendro \u00e0 un h\u00f4pital de campagne compatible Ifema"},"content":{"rendered":"<div class=\"wpb-content-wrapper\"><p>[vc_row bg_type=&#8221;image&#8221; parallax_style=&#8221;vcpb-default&#8221; bg_image_new=&#8221;id^5777|url^http:\/\/www.delaviudacg.com\/wp-content\/uploads\/2020\/05\/Intranet_fondo_1.jpg|caption^null|alt^null|title^Intranet_fondo_1|description^null&#8221; bg_image_repeat=&#8221;repeat-y&#8221; bg_img_attach=&#8221;fixed&#8221; bg_override=&#8221;full&#8221; css=&#8221;.vc_custom_1591608627568{margin-top: -70px !important;padding-right: 8% !important;padding-left: 8% !important;}&#8221;][vc_column][vc_empty_space][vc_single_image image=&#8221;5326&#8243; img_size=&#8221;large&#8221; alignment=&#8221;center&#8221;][vc_row_inner css=&#8221;.vc_custom_1591608073141{background-color: rgba(255,255,255,0.8) !important;*background-color: rgb(255,255,255) !important;}&#8221;][vc_column_inner css=&#8221;.vc_custom_1591607743009{padding-right: 3% !important;padding-left: 3% !important;}&#8221;][vc_empty_space][vc_column_text]Madrid 31 mars 2020.\u00a0 Delaviuda Confectionery Group veut continuer \u00e0 contribuer \u00e0 la lutte contre Covid-19.<\/p>\n<p>L\u2019agent de sant\u00e9 doit \u00e9galement faire un arr\u00eat et reconstituer les forces. Pour cette raison, nous avons fait don de 7 630 barres de notre marque El Almendro \u00e0 l\u2019h\u00f4pital de campagne, permis dans les forains de Madrid (IFEMA), de fournir une \u00e9nergie suppl\u00e9mentaire aux m\u00e9decins de sant\u00e9 et aux patients qui sont l\u00e0.[\/vc_column_text][\/vc_column_inner][\/vc_row_inner][vc_empty_space][\/vc_column][\/vc_row]<\/p>\n<\/div>","protected":false},"excerpt":{"rendered":"<p>[vc_row bg_type=&#8221;image&#8221; parallax_style=&#8221;vcpb-default&#8221; bg_image_new=&#8221;id^5777|url^http:\/\/www.delaviudacg.com\/wp-content\/uploads\/2020\/05\/Intranet_fondo_1.jpg|caption^null|alt^null|title^Intranet_fondo_1|description^null&#8221; bg_image_repeat=&#8221;repeat-y&#8221; bg_img_attach=&#8221;fixed&#8221; bg_override=&#8221;full&#8221; css=&#8221;.vc_custom_1591608627568{margin-top: -70px !important;padding-right: 8% !important;padding-left: 8% !important;}&#8221;][vc_column][vc_empty_space][vc_single_image image=&#8221;5326&#8243; img_size=&#8221;large&#8221; alignment=&#8221;center&#8221;][vc_row_inner css=&#8221;.vc_custom_1591608073141{background-color: rgba(255,255,255,0.8) !important;*background-color: rgb(255,255,255) !important;}&#8221;][vc_column_inner css=&#8221;.vc_custom_1591607743009{padding-right: 3% !important;padding-left: 3% !important;}&#8221;][vc_empty_space][vc_column_text]Madrid 31 mars 2020.\u00a0 Delaviuda Confectionery Group veut continuer \u00e0 contribuer \u00e0 la lutte contre Covid-19. L\u2019agent de sant\u00e9 doit \u00e9galement faire un arr\u00eat et reconstituer les forces. Pour&hellip;<\/p>\n","protected":false},"author":35,"featured_media":5326,"comment_status":"closed","ping_status":"closed","sticky":false,"template":"","format":"standard","meta":{"_monsterinsights_skip_tracking":false,"_monsterinsights_sitenote_active":false,"_monsterinsights_sitenote_note":"","_monsterinsights_sitenote_category":0,"footnotes":""},"categories":[414,435],"tags":[451,454,455],"class_list":["post-5473","post","type-post","status-publish","format-standard","has-post-thumbnail","hentry","category-noticias-intranet-en-fr","category-rsc-fr","tag-delaviudacg-en-fr","tag-colaboracion-en-fr","tag-donacion-en-fr","category-414","category-435","description-off"],"yoast_head":"<!-- This site is optimized with the Yoast SEO plugin v27.5 - https:\/\/yoast.com\/product\/yoast-seo-wordpress\/ -->\n<title>Delaviuda Confectionery Group fait don de 7 630 barres El Almendro \u00e0 un h\u00f4pital de campagne compatible Ifema - Delaviuda Confectionery Group<\/title>\n<meta name=\"robots\" content=\"index, follow, max-snippet:-1, max-image-preview:large, max-video-preview:-1\" \/>\n<link rel=\"canonical\" href=\"https:\/\/www.delaviudacg.com\/delaviuda-confectionery-group-dona-7-630-barritas-de-la-marca-el-almendro-al-hospital-de-campana-habilitado-en-ifema\/\" \/>\n<meta property=\"og:locale\" content=\"fr_FR\" \/>\n<meta property=\"og:type\" content=\"article\" \/>\n<meta property=\"og:title\" content=\"Delaviuda Confectionery Group fait don de 7 630 barres El Almendro \u00e0 un h\u00f4pital de campagne compatible Ifema - Delaviuda Confectionery Group\" \/>\n<meta property=\"og:description\" content=\"[vc_row bg_type=&#8221;image&#8221; parallax_style=&#8221;vcpb-default&#8221; bg_image_new=&#8221;id^5777|url^http:\/\/www.delaviudacg.com\/wp-content\/uploads\/2020\/05\/Intranet_fondo_1.jpg|caption^null|alt^null|title^Intranet_fondo_1|description^null&#8221; bg_image_repeat=&#8221;repeat-y&#8221; bg_img_attach=&#8221;fixed&#8221; bg_override=&#8221;full&#8221; css=&#8221;.vc_custom_1591608627568{margin-top: -70px !important;padding-right: 8% !important;padding-left: 8% !important;}&#8221;][vc_column][vc_empty_space][vc_single_image image=&#8221;5326&#8243; img_size=&#8221;large&#8221; alignment=&#8221;center&#8221;][vc_row_inner css=&#8221;.vc_custom_1591608073141{background-color: rgba(255,255,255,0.8) !important;*background-color: rgb(255,255,255) !important;}&#8221;][vc_column_inner css=&#8221;.vc_custom_1591607743009{padding-right: 3% !important;padding-left: 3% !important;}&#8221;][vc_empty_space][vc_column_text]Madrid 31 mars 2020.\u00a0 Delaviuda Confectionery Group veut continuer \u00e0 contribuer \u00e0 la lutte contre Covid-19. L\u2019agent de sant\u00e9 doit \u00e9galement faire un arr\u00eat et reconstituer les forces. Pour&hellip;\" \/>\n<meta property=\"og:url\" content=\"https:\/\/www.delaviudacg.com\/delaviuda-confectionery-group-dona-7-630-barritas-de-la-marca-el-almendro-al-hospital-de-campana-habilitado-en-ifema\/\" \/>\n<meta property=\"og:site_name\" content=\"Delaviuda Confectionery Group\" \/>\n<meta property=\"article:published_time\" content=\"2020-03-31T10:17:14+00:00\" \/>\n<meta property=\"article:modified_time\" content=\"2020-06-17T11:53:38+00:00\" \/>\n<meta property=\"og:image\" content=\"https:\/\/www.delaviudacg.com\/wp-content\/uploads\/2020\/03\/Captura-2.png\" \/>\n\t<meta property=\"og:image:width\" content=\"840\" \/>\n\t<meta property=\"og:image:height\" content=\"478\" \/>\n\t<meta property=\"og:image:type\" content=\"image\/png\" \/>\n<meta name=\"author\" content=\"Rocio\" \/>\n<meta name=\"twitter:card\" content=\"summary_large_image\" \/>\n<meta name=\"twitter:label1\" content=\"\u00c9crit par\" \/>\n\t<meta name=\"twitter:data1\" content=\"Rocio\" \/>\n\t<meta name=\"twitter:label2\" content=\"Dur\u00e9e de lecture estim\u00e9e\" \/>\n\t<meta name=\"twitter:data2\" content=\"1 minute\" \/>\n<script type=\"application\/ld+json\" class=\"yoast-schema-graph\">{\"@context\":\"https:\\\/\\\/schema.org\",\"@graph\":[{\"@type\":\"Article\",\"@id\":\"https:\\\/\\\/www.delaviudacg.com\\\/delaviuda-confectionery-group-dona-7-630-barritas-de-la-marca-el-almendro-al-hospital-de-campana-habilitado-en-ifema\\\/#article\",\"isPartOf\":{\"@id\":\"https:\\\/\\\/www.delaviudacg.com\\\/delaviuda-confectionery-group-dona-7-630-barritas-de-la-marca-el-almendro-al-hospital-de-campana-habilitado-en-ifema\\\/\"},\"author\":{\"name\":\"Rocio\",\"@id\":\"https:\\\/\\\/www.delaviudacg.com\\\/#\\\/schema\\\/person\\\/69fce1e83d7cb3630e02da2e0c6c6987\"},\"headline\":\"Delaviuda Confectionery Group fait don de 7 630 barres El Almendro \u00e0 un h\u00f4pital de campagne compatible Ifema\",\"datePublished\":\"2020-03-31T10:17:14+00:00\",\"dateModified\":\"2020-06-17T11:53:38+00:00\",\"mainEntityOfPage\":{\"@id\":\"https:\\\/\\\/www.delaviudacg.com\\\/delaviuda-confectionery-group-dona-7-630-barritas-de-la-marca-el-almendro-al-hospital-de-campana-habilitado-en-ifema\\\/\"},\"wordCount\":196,\"image\":{\"@id\":\"https:\\\/\\\/www.delaviudacg.com\\\/delaviuda-confectionery-group-dona-7-630-barritas-de-la-marca-el-almendro-al-hospital-de-campana-habilitado-en-ifema\\\/#primaryimage\"},\"thumbnailUrl\":\"https:\\\/\\\/www.delaviudacg.com\\\/wp-content\\\/uploads\\\/2020\\\/03\\\/Captura-2.png\",\"keywords\":[\"#DelaviudaCG\",\"#Colaboraci\u00f3n\",\"#Donaci\u00f3n\"],\"articleSection\":[\"Noticias Intranet\",\"RSC\"],\"inLanguage\":\"fr-FR\"},{\"@type\":\"WebPage\",\"@id\":\"https:\\\/\\\/www.delaviudacg.com\\\/delaviuda-confectionery-group-dona-7-630-barritas-de-la-marca-el-almendro-al-hospital-de-campana-habilitado-en-ifema\\\/\",\"url\":\"https:\\\/\\\/www.delaviudacg.com\\\/delaviuda-confectionery-group-dona-7-630-barritas-de-la-marca-el-almendro-al-hospital-de-campana-habilitado-en-ifema\\\/\",\"name\":\"Delaviuda Confectionery Group fait don de 7 630 barres El Almendro \u00e0 un h\u00f4pital de campagne compatible Ifema - Delaviuda Confectionery Group\",\"isPartOf\":{\"@id\":\"https:\\\/\\\/www.delaviudacg.com\\\/#website\"},\"primaryImageOfPage\":{\"@id\":\"https:\\\/\\\/www.delaviudacg.com\\\/delaviuda-confectionery-group-dona-7-630-barritas-de-la-marca-el-almendro-al-hospital-de-campana-habilitado-en-ifema\\\/#primaryimage\"},\"image\":{\"@id\":\"https:\\\/\\\/www.delaviudacg.com\\\/delaviuda-confectionery-group-dona-7-630-barritas-de-la-marca-el-almendro-al-hospital-de-campana-habilitado-en-ifema\\\/#primaryimage\"},\"thumbnailUrl\":\"https:\\\/\\\/www.delaviudacg.com\\\/wp-content\\\/uploads\\\/2020\\\/03\\\/Captura-2.png\",\"datePublished\":\"2020-03-31T10:17:14+00:00\",\"dateModified\":\"2020-06-17T11:53:38+00:00\",\"author\":{\"@id\":\"https:\\\/\\\/www.delaviudacg.com\\\/#\\\/schema\\\/person\\\/69fce1e83d7cb3630e02da2e0c6c6987\"},\"breadcrumb\":{\"@id\":\"https:\\\/\\\/www.delaviudacg.com\\\/delaviuda-confectionery-group-dona-7-630-barritas-de-la-marca-el-almendro-al-hospital-de-campana-habilitado-en-ifema\\\/#breadcrumb\"},\"inLanguage\":\"fr-FR\",\"potentialAction\":[{\"@type\":\"ReadAction\",\"target\":[\"https:\\\/\\\/www.delaviudacg.com\\\/delaviuda-confectionery-group-dona-7-630-barritas-de-la-marca-el-almendro-al-hospital-de-campana-habilitado-en-ifema\\\/\"]}]},{\"@type\":\"ImageObject\",\"inLanguage\":\"fr-FR\",\"@id\":\"https:\\\/\\\/www.delaviudacg.com\\\/delaviuda-confectionery-group-dona-7-630-barritas-de-la-marca-el-almendro-al-hospital-de-campana-habilitado-en-ifema\\\/#primaryimage\",\"url\":\"https:\\\/\\\/www.delaviudacg.com\\\/wp-content\\\/uploads\\\/2020\\\/03\\\/Captura-2.png\",\"contentUrl\":\"https:\\\/\\\/www.delaviudacg.com\\\/wp-content\\\/uploads\\\/2020\\\/03\\\/Captura-2.png\",\"width\":840,\"height\":478},{\"@type\":\"BreadcrumbList\",\"@id\":\"https:\\\/\\\/www.delaviudacg.com\\\/delaviuda-confectionery-group-dona-7-630-barritas-de-la-marca-el-almendro-al-hospital-de-campana-habilitado-en-ifema\\\/#breadcrumb\",\"itemListElement\":[{\"@type\":\"ListItem\",\"position\":1,\"name\":\"Portada\",\"item\":\"https:\\\/\\\/www.delaviudacg.com\\\/\"},{\"@type\":\"ListItem\",\"position\":2,\"name\":\"Delaviuda Confectionery Group fait don de 7 630 barres El Almendro \u00e0 un h\u00f4pital de campagne compatible Ifema\"}]},{\"@type\":\"WebSite\",\"@id\":\"https:\\\/\\\/www.delaviudacg.com\\\/#website\",\"url\":\"https:\\\/\\\/www.delaviudacg.com\\\/\",\"name\":\"Delaviuda Confectionery Group\",\"description\":\"Web Corporativa\",\"potentialAction\":[{\"@type\":\"SearchAction\",\"target\":{\"@type\":\"EntryPoint\",\"urlTemplate\":\"https:\\\/\\\/www.delaviudacg.com\\\/?s={search_term_string}\"},\"query-input\":{\"@type\":\"PropertyValueSpecification\",\"valueRequired\":true,\"valueName\":\"search_term_string\"}}],\"inLanguage\":\"fr-FR\"},{\"@type\":\"Person\",\"@id\":\"https:\\\/\\\/www.delaviudacg.com\\\/#\\\/schema\\\/person\\\/69fce1e83d7cb3630e02da2e0c6c6987\",\"name\":\"Rocio\",\"image\":{\"@type\":\"ImageObject\",\"inLanguage\":\"fr-FR\",\"@id\":\"https:\\\/\\\/secure.gravatar.com\\\/avatar\\\/1b44da27f8aa77190cdde9434e3fdd0dc738616d8a8e966ec76722c75c1b2225?s=96&d=mm&r=g\",\"url\":\"https:\\\/\\\/secure.gravatar.com\\\/avatar\\\/1b44da27f8aa77190cdde9434e3fdd0dc738616d8a8e966ec76722c75c1b2225?s=96&d=mm&r=g\",\"contentUrl\":\"https:\\\/\\\/secure.gravatar.com\\\/avatar\\\/1b44da27f8aa77190cdde9434e3fdd0dc738616d8a8e966ec76722c75c1b2225?s=96&d=mm&r=g\",\"caption\":\"Rocio\"},\"url\":\"https:\\\/\\\/www.delaviudacg.com\\\/fr\\\/author\\\/rociom\\\/\"}]}<\/script>\n<!-- \/ Yoast SEO plugin. -->","yoast_head_json":{"title":"Delaviuda Confectionery Group fait don de 7 630 barres El Almendro \u00e0 un h\u00f4pital de campagne compatible Ifema - Delaviuda Confectionery Group","robots":{"index":"index","follow":"follow","max-snippet":"max-snippet:-1","max-image-preview":"max-image-preview:large","max-video-preview":"max-video-preview:-1"},"canonical":"https:\/\/www.delaviudacg.com\/delaviuda-confectionery-group-dona-7-630-barritas-de-la-marca-el-almendro-al-hospital-de-campana-habilitado-en-ifema\/","og_locale":"fr_FR","og_type":"article","og_title":"Delaviuda Confectionery Group fait don de 7 630 barres El Almendro \u00e0 un h\u00f4pital de campagne compatible Ifema - Delaviuda Confectionery Group","og_description":"[vc_row bg_type=&#8221;image&#8221; parallax_style=&#8221;vcpb-default&#8221; bg_image_new=&#8221;id^5777|url^http:\/\/www.delaviudacg.com\/wp-content\/uploads\/2020\/05\/Intranet_fondo_1.jpg|caption^null|alt^null|title^Intranet_fondo_1|description^null&#8221; bg_image_repeat=&#8221;repeat-y&#8221; bg_img_attach=&#8221;fixed&#8221; bg_override=&#8221;full&#8221; css=&#8221;.vc_custom_1591608627568{margin-top: -70px !important;padding-right: 8% !important;padding-left: 8% !important;}&#8221;][vc_column][vc_empty_space][vc_single_image image=&#8221;5326&#8243; img_size=&#8221;large&#8221; alignment=&#8221;center&#8221;][vc_row_inner css=&#8221;.vc_custom_1591608073141{background-color: rgba(255,255,255,0.8) !important;*background-color: rgb(255,255,255) !important;}&#8221;][vc_column_inner css=&#8221;.vc_custom_1591607743009{padding-right: 3% !important;padding-left: 3% !important;}&#8221;][vc_empty_space][vc_column_text]Madrid 31 mars 2020.\u00a0 Delaviuda Confectionery Group veut continuer \u00e0 contribuer \u00e0 la lutte contre Covid-19. L\u2019agent de sant\u00e9 doit \u00e9galement faire un arr\u00eat et reconstituer les forces. Pour&hellip;","og_url":"https:\/\/www.delaviudacg.com\/delaviuda-confectionery-group-dona-7-630-barritas-de-la-marca-el-almendro-al-hospital-de-campana-habilitado-en-ifema\/","og_site_name":"Delaviuda Confectionery Group","article_published_time":"2020-03-31T10:17:14+00:00","article_modified_time":"2020-06-17T11:53:38+00:00","og_image":[{"width":840,"height":478,"url":"https:\/\/www.delaviudacg.com\/wp-content\/uploads\/2020\/03\/Captura-2.png","type":"image\/png"}],"author":"Rocio","twitter_card":"summary_large_image","twitter_misc":{"\u00c9crit par":"Rocio","Dur\u00e9e de lecture estim\u00e9e":"1 minute"},"schema":{"@context":"https:\/\/schema.org","@graph":[{"@type":"Article","@id":"https:\/\/www.delaviudacg.com\/delaviuda-confectionery-group-dona-7-630-barritas-de-la-marca-el-almendro-al-hospital-de-campana-habilitado-en-ifema\/#article","isPartOf":{"@id":"https:\/\/www.delaviudacg.com\/delaviuda-confectionery-group-dona-7-630-barritas-de-la-marca-el-almendro-al-hospital-de-campana-habilitado-en-ifema\/"},"author":{"name":"Rocio","@id":"https:\/\/www.delaviudacg.com\/#\/schema\/person\/69fce1e83d7cb3630e02da2e0c6c6987"},"headline":"Delaviuda Confectionery Group fait don de 7 630 barres El Almendro \u00e0 un h\u00f4pital de campagne compatible Ifema","datePublished":"2020-03-31T10:17:14+00:00","dateModified":"2020-06-17T11:53:38+00:00","mainEntityOfPage":{"@id":"https:\/\/www.delaviudacg.com\/delaviuda-confectionery-group-dona-7-630-barritas-de-la-marca-el-almendro-al-hospital-de-campana-habilitado-en-ifema\/"},"wordCount":196,"image":{"@id":"https:\/\/www.delaviudacg.com\/delaviuda-confectionery-group-dona-7-630-barritas-de-la-marca-el-almendro-al-hospital-de-campana-habilitado-en-ifema\/#primaryimage"},"thumbnailUrl":"https:\/\/www.delaviudacg.com\/wp-content\/uploads\/2020\/03\/Captura-2.png","keywords":["#DelaviudaCG","#Colaboraci\u00f3n","#Donaci\u00f3n"],"articleSection":["Noticias Intranet","RSC"],"inLanguage":"fr-FR"},{"@type":"WebPage","@id":"https:\/\/www.delaviudacg.com\/delaviuda-confectionery-group-dona-7-630-barritas-de-la-marca-el-almendro-al-hospital-de-campana-habilitado-en-ifema\/","url":"https:\/\/www.delaviudacg.com\/delaviuda-confectionery-group-dona-7-630-barritas-de-la-marca-el-almendro-al-hospital-de-campana-habilitado-en-ifema\/","name":"Delaviuda Confectionery Group fait don de 7 630 barres El Almendro \u00e0 un h\u00f4pital de campagne compatible Ifema - Delaviuda Confectionery Group","isPartOf":{"@id":"https:\/\/www.delaviudacg.com\/#website"},"primaryImageOfPage":{"@id":"https:\/\/www.delaviudacg.com\/delaviuda-confectionery-group-dona-7-630-barritas-de-la-marca-el-almendro-al-hospital-de-campana-habilitado-en-ifema\/#primaryimage"},"image":{"@id":"https:\/\/www.delaviudacg.com\/delaviuda-confectionery-group-dona-7-630-barritas-de-la-marca-el-almendro-al-hospital-de-campana-habilitado-en-ifema\/#primaryimage"},"thumbnailUrl":"https:\/\/www.delaviudacg.com\/wp-content\/uploads\/2020\/03\/Captura-2.png","datePublished":"2020-03-31T10:17:14+00:00","dateModified":"2020-06-17T11:53:38+00:00","author":{"@id":"https:\/\/www.delaviudacg.com\/#\/schema\/person\/69fce1e83d7cb3630e02da2e0c6c6987"},"breadcrumb":{"@id":"https:\/\/www.delaviudacg.com\/delaviuda-confectionery-group-dona-7-630-barritas-de-la-marca-el-almendro-al-hospital-de-campana-habilitado-en-ifema\/#breadcrumb"},"inLanguage":"fr-FR","potentialAction":[{"@type":"ReadAction","target":["https:\/\/www.delaviudacg.com\/delaviuda-confectionery-group-dona-7-630-barritas-de-la-marca-el-almendro-al-hospital-de-campana-habilitado-en-ifema\/"]}]},{"@type":"ImageObject","inLanguage":"fr-FR","@id":"https:\/\/www.delaviudacg.com\/delaviuda-confectionery-group-dona-7-630-barritas-de-la-marca-el-almendro-al-hospital-de-campana-habilitado-en-ifema\/#primaryimage","url":"https:\/\/www.delaviudacg.com\/wp-content\/uploads\/2020\/03\/Captura-2.png","contentUrl":"https:\/\/www.delaviudacg.com\/wp-content\/uploads\/2020\/03\/Captura-2.png","width":840,"height":478},{"@type":"BreadcrumbList","@id":"https:\/\/www.delaviudacg.com\/delaviuda-confectionery-group-dona-7-630-barritas-de-la-marca-el-almendro-al-hospital-de-campana-habilitado-en-ifema\/#breadcrumb","itemListElement":[{"@type":"ListItem","position":1,"name":"Portada","item":"https:\/\/www.delaviudacg.com\/"},{"@type":"ListItem","position":2,"name":"Delaviuda Confectionery Group fait don de 7 630 barres El Almendro \u00e0 un h\u00f4pital de campagne compatible Ifema"}]},{"@type":"WebSite","@id":"https:\/\/www.delaviudacg.com\/#website","url":"https:\/\/www.delaviudacg.com\/","name":"Delaviuda Confectionery Group","description":"Web Corporativa","potentialAction":[{"@type":"SearchAction","target":{"@type":"EntryPoint","urlTemplate":"https:\/\/www.delaviudacg.com\/?s={search_term_string}"},"query-input":{"@type":"PropertyValueSpecification","valueRequired":true,"valueName":"search_term_string"}}],"inLanguage":"fr-FR"},{"@type":"Person","@id":"https:\/\/www.delaviudacg.com\/#\/schema\/person\/69fce1e83d7cb3630e02da2e0c6c6987","name":"Rocio","image":{"@type":"ImageObject","inLanguage":"fr-FR","@id":"https:\/\/secure.gravatar.com\/avatar\/1b44da27f8aa77190cdde9434e3fdd0dc738616d8a8e966ec76722c75c1b2225?s=96&d=mm&r=g","url":"https:\/\/secure.gravatar.com\/avatar\/1b44da27f8aa77190cdde9434e3fdd0dc738616d8a8e966ec76722c75c1b2225?s=96&d=mm&r=g","contentUrl":"https:\/\/secure.gravatar.com\/avatar\/1b44da27f8aa77190cdde9434e3fdd0dc738616d8a8e966ec76722c75c1b2225?s=96&d=mm&r=g","caption":"Rocio"},"url":"https:\/\/www.delaviudacg.com\/fr\/author\/rociom\/"}]}},"_links":{"self":[{"href":"https:\/\/www.delaviudacg.com\/fr\/wp-json\/wp\/v2\/posts\/5473","targetHints":{"allow":["GET"]}}],"collection":[{"href":"https:\/\/www.delaviudacg.com\/fr\/wp-json\/wp\/v2\/posts"}],"about":[{"href":"https:\/\/www.delaviudacg.com\/fr\/wp-json\/wp\/v2\/types\/post"}],"author":[{"embeddable":true,"href":"https:\/\/www.delaviudacg.com\/fr\/wp-json\/wp\/v2\/users\/35"}],"replies":[{"embeddable":true,"href":"https:\/\/www.delaviudacg.com\/fr\/wp-json\/wp\/v2\/comments?post=5473"}],"version-history":[{"count":0,"href":"https:\/\/www.delaviudacg.com\/fr\/wp-json\/wp\/v2\/posts\/5473\/revisions"}],"wp:featuredmedia":[{"embeddable":true,"href":"https:\/\/www.delaviudacg.com\/fr\/wp-json\/wp\/v2\/media\/5326"}],"wp:attachment":[{"href":"https:\/\/www.delaviudacg.com\/fr\/wp-json\/wp\/v2\/media?parent=5473"}],"wp:term":[{"taxonomy":"category","embeddable":true,"href":"https:\/\/www.delaviudacg.com\/fr\/wp-json\/wp\/v2\/categories?post=5473"},{"taxonomy":"post_tag","embeddable":true,"href":"https:\/\/www.delaviudacg.com\/fr\/wp-json\/wp\/v2\/tags?post=5473"}],"curies":[{"name":"wp","href":"https:\/\/api.w.org\/{rel}","templated":true}]}}